{"id":8713,"date":"2025-06-15T11:59:37","date_gmt":"2025-06-15T09:59:37","guid":{"rendered":"https:\/\/cmvsh.fr\/Essaiswordpress\/?p=8713"},"modified":"2026-08-18T10:03:48","modified_gmt":"2026-08-18T08:03:48","slug":"moulin-en-fete-15-juin-2025","status":"publish","type":"post","link":"https:\/\/cmvsh.fr\/Essaiswordpress\/moulin-en-fete-15-juin-2025\/","title":{"rendered":"Moulin en f\u00eate 15 juin 2025"},"content":{"rendered":"\n<p>Le<strong> 15 juin 2025, l<\/strong>\u2019<em>Association&nbsp;Cormicy, ma ville, son histoire&nbsp;<\/em>a convi\u00e9 habitants et amis pour sa traditionnelle f\u00eate champ\u00eatre sur le site de l&rsquo;ancien Moulin.<\/p>\n\n\n\n<!--more-->\n\n\n\n<p>Ce fut une journ\u00e9e plac\u00e9e sous le signe de la convivialit\u00e9, du partage et de la m\u00e9moire.<\/p>\n\n\n\n<p>D\u00e8s l\u2019aube, les b\u00e9n\u00e9voles ont dress\u00e9 chapiteaux, tables et bancs pour accueillir les pique-niqueurs venus en famille ou entre amis. Le pr\u00e9sident a ouvert la f\u00eate par un mot chaleureux, rappelant que nous sommes tous, ensemble, les passeurs de m\u00e9moire de notre village.<\/p>\n\n\n\n<p><\/p>\n\n\n\n<div class=\"wp-block-media-text is-stacked-on-mobile\" style=\"grid-template-columns:62% auto\"><figure class=\"wp-block-media-text__media\"><video controls src=\"https:\/\/cmvsh.fr\/Essaiswordpress\/wp-content\/uploads\/2025\/06\/2025_06_14MoulinEnFeteSite854x480-8mn03.mp4\"><\/video><\/figure><div class=\"wp-block-media-text__content\">\n<p>L\u2019ambiance musicale, assur\u00e9e par Maryline au synth\u00e9, Ludo au micro, et leur fils D\u2019Jules aux platines, a rythm\u00e9 toute la journ\u00e9e : chansons, danses, rires et jeux pour les enfants.<\/p>\n<\/div><\/div>\n\n\n\n<div class=\"wp-block-media-text has-media-on-the-right is-stacked-on-mobile\" style=\"grid-template-columns:auto 57%\"><div class=\"wp-block-media-text__content\">\n<p>Il y a eu un passant, venu du P\u00e9rou, impr\u00e9vu, qui a particip\u00e9 \u00e0 la f\u00eate.<\/p>\n<\/div><figure class=\"wp-block-media-text__media\"><video controls src=\"https:\/\/cmvsh.fr\/Essaiswordpress\/wp-content\/uploads\/2025\/06\/2025_06_14_MoulinEnFete-DenisPeruvienSite2mn34.mp4\"><\/video><\/figure><\/div>\n\n\n\n<p>Au total la bonne humeur n\u2019a jamais faibli. <br>C&rsquo;est  la fameuse chanson des \u00ab\u00a0Sardines\u00a0\u00bb qui a  cl\u00f4tur\u00e9 les festivit\u00e9s qui ont marqu\u00e9 les esprits.<\/p>\n\n\n\n<p>En fin de journ\u00e9e, le soleil est enfin apparu\u2026 juste \u00e0 temps pour le barbecue de cl\u00f4ture.<\/p>\n\n\n\n<p>Une belle journ\u00e9e de juin, simple et vraie, comme on les aime \u00e0 Cormicy.<\/p>\n","protected":false},"excerpt":{"rendered":"<div class=\"slide-text-bg2\"><span>Le 15 juin 2025, l\u2019Association&nbsp;Cormicy, ma ville, son histoire&nbsp;a convi\u00e9 habitants et amis pour sa traditionnelle f\u00eate champ\u00eatre sur le site <\/span><\/div>\n<div class=\"slide-btn-area-sm\"><a href=\"https:\/\/cmvsh.fr\/Essaiswordpress\/moulin-en-fete-15-juin-2025\/\" class=\"slide-btn-sm\">Lire la suite<\/a><\/div>\n","protected":false},"author":1,"featured_media":8715,"comment_status":"open","ping_status":"closed","sticky":false,"template":"","format":"standard","meta":{"_exactmetrics_skip_tracking":false,"_uf_show_specific_survey":0,"_uf_disable_surveys":false,"_jetpack_newsletter_access":"","_jetpack_dont_email_post_to_subs":false,"_jetpack_newsletter_tier_id":0,"_jetpack_memberships_contains_paywalled_content":false,"_jetpack_feature_clip_id":0,"_jetpack_memberships_contains_paid_content":false,"footnotes":"","jetpack_post_was_ever_published":false},"categories":[60,30,59],"tags":[],"class_list":["post-8713","post","type-post","status-publish","format-standard","has-post-thumbnail","hentry","category-manifestations","category-videos","category-vie-de-cmvsh"],"aioseo_notices":[],"aioseo_head":"\n\t\t<!-- All in One SEO 5.0.0.1 - aioseo.com -->\n\t<meta name=\"description\" content=\"Le 15 juin 2025, l\u2019Association Cormicy, ma ville, son histoire a convi\u00e9 habitants et amis pour sa traditionnelle f\u00eate champ\u00eatre sur le site de l&#039;ancien Moulin. Ce fut une journ\u00e9e plac\u00e9e sous le signe de la convivialit\u00e9, du partage et de la m\u00e9moire. D\u00e8s l\u2019aube, les b\u00e9n\u00e9voles ont dress\u00e9 chapiteaux, tables et bancs pour accueillir les pique-niqueurs\" \/>\n\t<meta name=\"robots\" content=\"max-image-preview:large\" \/>\n\t<meta name=\"author\" content=\"Menci\u00e8re\"\/>\n\t<link rel=\"canonical\" href=\"https:\/\/cmvsh.fr\/Essaiswordpress\/moulin-en-fete-15-juin-2025\/\" \/>\n\t<meta name=\"generator\" content=\"All in One SEO (AIOSEO) 5.0.0.1\" \/>\n\t\t<meta property=\"og:locale\" content=\"fr_FR\" \/>\n\t\t<meta property=\"og:site_name\" content=\"C.M.V.S.H - Association du patrimoine pour passer la m\u00e9moire\" \/>\n\t\t<meta property=\"og:type\" content=\"article\" \/>\n\t\t<meta property=\"og:title\" content=\"Moulin en f\u00eate 15 juin 2025 - C.M.V.S.H\" \/>\n\t\t<meta property=\"og:description\" content=\"Le 15 juin 2025, l\u2019Association Cormicy, ma ville, son histoire a convi\u00e9 habitants et amis pour sa traditionnelle f\u00eate champ\u00eatre sur le site de l&#039;ancien Moulin. Ce fut une journ\u00e9e plac\u00e9e sous le signe de la convivialit\u00e9, du partage et de la m\u00e9moire. D\u00e8s l\u2019aube, les b\u00e9n\u00e9voles ont dress\u00e9 chapiteaux, tables et bancs pour accueillir les pique-niqueurs\" \/>\n\t\t<meta property=\"og:url\" content=\"https:\/\/cmvsh.fr\/Essaiswordpress\/moulin-en-fete-15-juin-2025\/\" \/>\n\t\t<meta property=\"article:published_time\" content=\"2025-06-15T09:59:37+00:00\" \/>\n\t\t<meta property=\"article:modified_time\" content=\"2026-08-18T08:03:48+00:00\" \/>\n\t\t<meta name=\"twitter:card\" content=\"summary_large_image\" \/>\n\t\t<meta name=\"twitter:title\" content=\"Moulin en f\u00eate 15 juin 2025 - C.M.V.S.H\" \/>\n\t\t<meta name=\"twitter:description\" content=\"Le 15 juin 2025, l\u2019Association Cormicy, ma ville, son histoire a convi\u00e9 habitants et amis pour sa traditionnelle f\u00eate champ\u00eatre sur le site de l&#039;ancien Moulin. Ce fut une journ\u00e9e plac\u00e9e sous le signe de la convivialit\u00e9, du partage et de la m\u00e9moire. D\u00e8s l\u2019aube, les b\u00e9n\u00e9voles ont dress\u00e9 chapiteaux, tables et bancs pour accueillir les pique-niqueurs\" \/>\n\t\t<script type=\"application\/ld+json\" class=\"aioseo-schema\">\n\t\t\t{\"@context\":\"https:\\\/\\\/schema.org\",\"@graph\":[{\"@type\":\"BlogPosting\",\"@id\":\"https:\\\/\\\/cmvsh.fr\\\/Essaiswordpress\\\/moulin-en-fete-15-juin-2025\\\/#blogposting\",\"name\":\"Moulin en f\\u00eate 15 juin 2025 - C.M.V.S.H\",\"headline\":\"Moulin en f\\u00eate 15 juin 2025\",\"author\":{\"@id\":\"https:\\\/\\\/cmvsh.fr\\\/Essaiswordpress\\\/author\\\/menciere\\\/#author\"},\"publisher\":{\"@id\":\"https:\\\/\\\/cmvsh.fr\\\/Essaiswordpress\\\/#organization\"},\"image\":{\"@type\":\"ImageObject\",\"url\":\"https:\\\/\\\/cmvsh.fr\\\/Essaiswordpress\\\/wp-content\\\/uploads\\\/2025\\\/06\\\/C0011T01-Fete-au-Moulin-e1751018757222.jpg\",\"width\":320,\"height\":180},\"datePublished\":\"2025-06-15T11:59:37+02:00\",\"dateModified\":\"2026-08-18T10:03:48+02:00\",\"inLanguage\":\"fr-FR\",\"mainEntityOfPage\":{\"@id\":\"https:\\\/\\\/cmvsh.fr\\\/Essaiswordpress\\\/moulin-en-fete-15-juin-2025\\\/#webpage\"},\"isPartOf\":{\"@id\":\"https:\\\/\\\/cmvsh.fr\\\/Essaiswordpress\\\/moulin-en-fete-15-juin-2025\\\/#webpage\"},\"articleSection\":\"Manifestations, Vid\\u00e9os, Vie de l'Association\"},{\"@type\":\"BreadcrumbList\",\"@id\":\"https:\\\/\\\/cmvsh.fr\\\/Essaiswordpress\\\/moulin-en-fete-15-juin-2025\\\/#breadcrumblist\",\"itemListElement\":[{\"@type\":\"ListItem\",\"@id\":\"https:\\\/\\\/cmvsh.fr\\\/Essaiswordpress#listItem\",\"position\":1,\"name\":\"Home\",\"item\":\"https:\\\/\\\/cmvsh.fr\\\/Essaiswordpress\",\"nextItem\":{\"@type\":\"ListItem\",\"@id\":\"https:\\\/\\\/cmvsh.fr\\\/Essaiswordpress\\\/mots-clefs\\\/media\\\/#listItem\",\"name\":\"M\\u00e9dia\"}},{\"@type\":\"ListItem\",\"@id\":\"https:\\\/\\\/cmvsh.fr\\\/Essaiswordpress\\\/mots-clefs\\\/media\\\/#listItem\",\"position\":2,\"name\":\"M\\u00e9dia\",\"item\":\"https:\\\/\\\/cmvsh.fr\\\/Essaiswordpress\\\/mots-clefs\\\/media\\\/\",\"nextItem\":{\"@type\":\"ListItem\",\"@id\":\"https:\\\/\\\/cmvsh.fr\\\/Essaiswordpress\\\/mots-clefs\\\/media\\\/videos\\\/#listItem\",\"name\":\"Vid\\u00e9os\"},\"previousItem\":{\"@type\":\"ListItem\",\"@id\":\"https:\\\/\\\/cmvsh.fr\\\/Essaiswordpress#listItem\",\"name\":\"Home\"}},{\"@type\":\"ListItem\",\"@id\":\"https:\\\/\\\/cmvsh.fr\\\/Essaiswordpress\\\/mots-clefs\\\/media\\\/videos\\\/#listItem\",\"position\":3,\"name\":\"Vid\\u00e9os\",\"item\":\"https:\\\/\\\/cmvsh.fr\\\/Essaiswordpress\\\/mots-clefs\\\/media\\\/videos\\\/\",\"nextItem\":{\"@type\":\"ListItem\",\"@id\":\"https:\\\/\\\/cmvsh.fr\\\/Essaiswordpress\\\/moulin-en-fete-15-juin-2025\\\/#listItem\",\"name\":\"Moulin en f\\u00eate 15 juin 2025\"},\"previousItem\":{\"@type\":\"ListItem\",\"@id\":\"https:\\\/\\\/cmvsh.fr\\\/Essaiswordpress\\\/mots-clefs\\\/media\\\/#listItem\",\"name\":\"M\\u00e9dia\"}},{\"@type\":\"ListItem\",\"@id\":\"https:\\\/\\\/cmvsh.fr\\\/Essaiswordpress\\\/moulin-en-fete-15-juin-2025\\\/#listItem\",\"position\":4,\"name\":\"Moulin en f\\u00eate 15 juin 2025\",\"previousItem\":{\"@type\":\"ListItem\",\"@id\":\"https:\\\/\\\/cmvsh.fr\\\/Essaiswordpress\\\/mots-clefs\\\/media\\\/videos\\\/#listItem\",\"name\":\"Vid\\u00e9os\"}}]},{\"@type\":\"Organization\",\"@id\":\"https:\\\/\\\/cmvsh.fr\\\/Essaiswordpress\\\/#organization\",\"name\":\"C.M.V.S.H\",\"description\":\"Association du patrimoine pour passer la m\\u00e9moire\",\"url\":\"https:\\\/\\\/cmvsh.fr\\\/Essaiswordpress\\\/\"},{\"@type\":\"Person\",\"@id\":\"https:\\\/\\\/cmvsh.fr\\\/Essaiswordpress\\\/author\\\/menciere\\\/#author\",\"url\":\"https:\\\/\\\/cmvsh.fr\\\/Essaiswordpress\\\/author\\\/menciere\\\/\",\"name\":\"Menci\\u00e8re\",\"image\":{\"@type\":\"ImageObject\",\"@id\":\"https:\\\/\\\/cmvsh.fr\\\/Essaiswordpress\\\/moulin-en-fete-15-juin-2025\\\/#authorImage\",\"url\":\"https:\\\/\\\/secure.gravatar.com\\\/avatar\\\/fab3989290ed62a4c5b733be5a4b97b20d4137ca3a6233683655b57c816b2ef6?s=96&d=blank&r=g\",\"width\":96,\"height\":96,\"caption\":\"Menci\\u00e8re\"}},{\"@type\":\"WebPage\",\"@id\":\"https:\\\/\\\/cmvsh.fr\\\/Essaiswordpress\\\/moulin-en-fete-15-juin-2025\\\/#webpage\",\"url\":\"https:\\\/\\\/cmvsh.fr\\\/Essaiswordpress\\\/moulin-en-fete-15-juin-2025\\\/\",\"name\":\"Moulin en f\\u00eate 15 juin 2025 - C.M.V.S.H\",\"description\":\"Le 15 juin 2025, l\\u2019Association Cormicy, ma ville, son histoire a convi\\u00e9 habitants et amis pour sa traditionnelle f\\u00eate champ\\u00eatre sur le site de l'ancien Moulin. Ce fut une journ\\u00e9e plac\\u00e9e sous le signe de la convivialit\\u00e9, du partage et de la m\\u00e9moire. D\\u00e8s l\\u2019aube, les b\\u00e9n\\u00e9voles ont dress\\u00e9 chapiteaux, tables et bancs pour accueillir les pique-niqueurs\",\"inLanguage\":\"fr-FR\",\"isPartOf\":{\"@id\":\"https:\\\/\\\/cmvsh.fr\\\/Essaiswordpress\\\/#website\"},\"breadcrumb\":{\"@id\":\"https:\\\/\\\/cmvsh.fr\\\/Essaiswordpress\\\/moulin-en-fete-15-juin-2025\\\/#breadcrumblist\"},\"author\":{\"@id\":\"https:\\\/\\\/cmvsh.fr\\\/Essaiswordpress\\\/author\\\/menciere\\\/#author\"},\"creator\":{\"@id\":\"https:\\\/\\\/cmvsh.fr\\\/Essaiswordpress\\\/author\\\/menciere\\\/#author\"},\"image\":{\"@type\":\"ImageObject\",\"url\":\"https:\\\/\\\/cmvsh.fr\\\/Essaiswordpress\\\/wp-content\\\/uploads\\\/2025\\\/06\\\/C0011T01-Fete-au-Moulin-e1751018757222.jpg\",\"@id\":\"https:\\\/\\\/cmvsh.fr\\\/Essaiswordpress\\\/moulin-en-fete-15-juin-2025\\\/#mainImage\",\"width\":320,\"height\":180},\"primaryImageOfPage\":{\"@id\":\"https:\\\/\\\/cmvsh.fr\\\/Essaiswordpress\\\/moulin-en-fete-15-juin-2025\\\/#mainImage\"},\"datePublished\":\"2025-06-15T11:59:37+02:00\",\"dateModified\":\"2026-08-18T10:03:48+02:00\"},{\"@type\":\"WebSite\",\"@id\":\"https:\\\/\\\/cmvsh.fr\\\/Essaiswordpress\\\/#website\",\"url\":\"https:\\\/\\\/cmvsh.fr\\\/Essaiswordpress\\\/\",\"name\":\"C.M.V.S.H\",\"description\":\"Association du patrimoine pour passer la m\\u00e9moire\",\"inLanguage\":\"fr-FR\",\"publisher\":{\"@id\":\"https:\\\/\\\/cmvsh.fr\\\/Essaiswordpress\\\/#organization\"}}]}\n\t\t<\/script>\n\t\t<!-- All in One SEO -->\n\n","aioseo_head_json":{"title":"Moulin en f\u00eate 15 juin 2025 - C.M.V.S.H","description":"Le 15 juin 2025, l\u2019Association Cormicy, ma ville, son histoire a convi\u00e9 habitants et amis pour sa traditionnelle f\u00eate champ\u00eatre sur le site de l'ancien Moulin. Ce fut une journ\u00e9e plac\u00e9e sous le signe de la convivialit\u00e9, du partage et de la m\u00e9moire. D\u00e8s l\u2019aube, les b\u00e9n\u00e9voles ont dress\u00e9 chapiteaux, tables et bancs pour accueillir les pique-niqueurs","canonical_url":"https:\/\/cmvsh.fr\/Essaiswordpress\/moulin-en-fete-15-juin-2025\/","robots":"max-image-preview:large","keywords":"","webmasterTools":{"miscellaneous":""},"schema":{"@context":"https:\/\/schema.org","@graph":[{"@type":"BlogPosting","@id":"https:\/\/cmvsh.fr\/Essaiswordpress\/moulin-en-fete-15-juin-2025\/#blogposting","name":"Moulin en f\u00eate 15 juin 2025 - C.M.V.S.H","headline":"Moulin en f\u00eate 15 juin 2025","author":{"@id":"https:\/\/cmvsh.fr\/Essaiswordpress\/author\/menciere\/#author"},"publisher":{"@id":"https:\/\/cmvsh.fr\/Essaiswordpress\/#organization"},"image":{"@type":"ImageObject","url":"https:\/\/cmvsh.fr\/Essaiswordpress\/wp-content\/uploads\/2025\/06\/C0011T01-Fete-au-Moulin-e1751018757222.jpg","width":320,"height":180},"datePublished":"2025-06-15T11:59:37+02:00","dateModified":"2026-08-18T10:03:48+02:00","inLanguage":"fr-FR","mainEntityOfPage":{"@id":"https:\/\/cmvsh.fr\/Essaiswordpress\/moulin-en-fete-15-juin-2025\/#webpage"},"isPartOf":{"@id":"https:\/\/cmvsh.fr\/Essaiswordpress\/moulin-en-fete-15-juin-2025\/#webpage"},"articleSection":"Manifestations, Vid\u00e9os, Vie de l'Association"},{"@type":"BreadcrumbList","@id":"https:\/\/cmvsh.fr\/Essaiswordpress\/moulin-en-fete-15-juin-2025\/#breadcrumblist","itemListElement":[{"@type":"ListItem","@id":"https:\/\/cmvsh.fr\/Essaiswordpress#listItem","position":1,"name":"Home","item":"https:\/\/cmvsh.fr\/Essaiswordpress","nextItem":{"@type":"ListItem","@id":"https:\/\/cmvsh.fr\/Essaiswordpress\/mots-clefs\/media\/#listItem","name":"M\u00e9dia"}},{"@type":"ListItem","@id":"https:\/\/cmvsh.fr\/Essaiswordpress\/mots-clefs\/media\/#listItem","position":2,"name":"M\u00e9dia","item":"https:\/\/cmvsh.fr\/Essaiswordpress\/mots-clefs\/media\/","nextItem":{"@type":"ListItem","@id":"https:\/\/cmvsh.fr\/Essaiswordpress\/mots-clefs\/media\/videos\/#listItem","name":"Vid\u00e9os"},"previousItem":{"@type":"ListItem","@id":"https:\/\/cmvsh.fr\/Essaiswordpress#listItem","name":"Home"}},{"@type":"ListItem","@id":"https:\/\/cmvsh.fr\/Essaiswordpress\/mots-clefs\/media\/videos\/#listItem","position":3,"name":"Vid\u00e9os","item":"https:\/\/cmvsh.fr\/Essaiswordpress\/mots-clefs\/media\/videos\/","nextItem":{"@type":"ListItem","@id":"https:\/\/cmvsh.fr\/Essaiswordpress\/moulin-en-fete-15-juin-2025\/#listItem","name":"Moulin en f\u00eate 15 juin 2025"},"previousItem":{"@type":"ListItem","@id":"https:\/\/cmvsh.fr\/Essaiswordpress\/mots-clefs\/media\/#listItem","name":"M\u00e9dia"}},{"@type":"ListItem","@id":"https:\/\/cmvsh.fr\/Essaiswordpress\/moulin-en-fete-15-juin-2025\/#listItem","position":4,"name":"Moulin en f\u00eate 15 juin 2025","previousItem":{"@type":"ListItem","@id":"https:\/\/cmvsh.fr\/Essaiswordpress\/mots-clefs\/media\/videos\/#listItem","name":"Vid\u00e9os"}}]},{"@type":"Organization","@id":"https:\/\/cmvsh.fr\/Essaiswordpress\/#organization","name":"C.M.V.S.H","description":"Association du patrimoine pour passer la m\u00e9moire","url":"https:\/\/cmvsh.fr\/Essaiswordpress\/"},{"@type":"Person","@id":"https:\/\/cmvsh.fr\/Essaiswordpress\/author\/menciere\/#author","url":"https:\/\/cmvsh.fr\/Essaiswordpress\/author\/menciere\/","name":"Menci\u00e8re","image":{"@type":"ImageObject","@id":"https:\/\/cmvsh.fr\/Essaiswordpress\/moulin-en-fete-15-juin-2025\/#authorImage","url":"https:\/\/secure.gravatar.com\/avatar\/fab3989290ed62a4c5b733be5a4b97b20d4137ca3a6233683655b57c816b2ef6?s=96&d=blank&r=g","width":96,"height":96,"caption":"Menci\u00e8re"}},{"@type":"WebPage","@id":"https:\/\/cmvsh.fr\/Essaiswordpress\/moulin-en-fete-15-juin-2025\/#webpage","url":"https:\/\/cmvsh.fr\/Essaiswordpress\/moulin-en-fete-15-juin-2025\/","name":"Moulin en f\u00eate 15 juin 2025 - C.M.V.S.H","description":"Le 15 juin 2025, l\u2019Association Cormicy, ma ville, son histoire a convi\u00e9 habitants et amis pour sa traditionnelle f\u00eate champ\u00eatre sur le site de l'ancien Moulin. Ce fut une journ\u00e9e plac\u00e9e sous le signe de la convivialit\u00e9, du partage et de la m\u00e9moire. D\u00e8s l\u2019aube, les b\u00e9n\u00e9voles ont dress\u00e9 chapiteaux, tables et bancs pour accueillir les pique-niqueurs","inLanguage":"fr-FR","isPartOf":{"@id":"https:\/\/cmvsh.fr\/Essaiswordpress\/#website"},"breadcrumb":{"@id":"https:\/\/cmvsh.fr\/Essaiswordpress\/moulin-en-fete-15-juin-2025\/#breadcrumblist"},"author":{"@id":"https:\/\/cmvsh.fr\/Essaiswordpress\/author\/menciere\/#author"},"creator":{"@id":"https:\/\/cmvsh.fr\/Essaiswordpress\/author\/menciere\/#author"},"image":{"@type":"ImageObject","url":"https:\/\/cmvsh.fr\/Essaiswordpress\/wp-content\/uploads\/2025\/06\/C0011T01-Fete-au-Moulin-e1751018757222.jpg","@id":"https:\/\/cmvsh.fr\/Essaiswordpress\/moulin-en-fete-15-juin-2025\/#mainImage","width":320,"height":180},"primaryImageOfPage":{"@id":"https:\/\/cmvsh.fr\/Essaiswordpress\/moulin-en-fete-15-juin-2025\/#mainImage"},"datePublished":"2025-06-15T11:59:37+02:00","dateModified":"2026-08-18T10:03:48+02:00"},{"@type":"WebSite","@id":"https:\/\/cmvsh.fr\/Essaiswordpress\/#website","url":"https:\/\/cmvsh.fr\/Essaiswordpress\/","name":"C.M.V.S.H","description":"Association du patrimoine pour passer la m\u00e9moire","inLanguage":"fr-FR","publisher":{"@id":"https:\/\/cmvsh.fr\/Essaiswordpress\/#organization"}}]},"og:locale":"fr_FR","og:site_name":"C.M.V.S.H - Association du patrimoine pour passer la m\u00e9moire","og:type":"article","og:title":"Moulin en f\u00eate 15 juin 2025 - C.M.V.S.H","og:description":"Le 15 juin 2025, l\u2019Association Cormicy, ma ville, son histoire a convi\u00e9 habitants et amis pour sa traditionnelle f\u00eate champ\u00eatre sur le site de l'ancien Moulin. Ce fut une journ\u00e9e plac\u00e9e sous le signe de la convivialit\u00e9, du partage et de la m\u00e9moire. D\u00e8s l\u2019aube, les b\u00e9n\u00e9voles ont dress\u00e9 chapiteaux, tables et bancs pour accueillir les pique-niqueurs","og:url":"https:\/\/cmvsh.fr\/Essaiswordpress\/moulin-en-fete-15-juin-2025\/","article:published_time":"2025-06-15T09:59:37+00:00","article:modified_time":"2026-08-18T08:03:48+00:00","twitter:card":"summary_large_image","twitter:title":"Moulin en f\u00eate 15 juin 2025 - C.M.V.S.H","twitter:description":"Le 15 juin 2025, l\u2019Association Cormicy, ma ville, son histoire a convi\u00e9 habitants et amis pour sa traditionnelle f\u00eate champ\u00eatre sur le site de l'ancien Moulin. Ce fut une journ\u00e9e plac\u00e9e sous le signe de la convivialit\u00e9, du partage et de la m\u00e9moire. D\u00e8s l\u2019aube, les b\u00e9n\u00e9voles ont dress\u00e9 chapiteaux, tables et bancs pour accueillir les pique-niqueurs"},"aioseo_meta_data":{"post_id":"8713","title":null,"description":null,"keywords":null,"keyphrases":{"focus":[],"additional":[]},"focus_keyword":null,"additional_keywords":null,"truseo_locale":null,"primary_term":null,"canonical_url":null,"og_title":null,"og_description":null,"og_object_type":"default","og_image_type":"default","og_image_custom_url":null,"og_image_custom_fields":null,"og_image_url":null,"og_image_width":null,"og_image_height":null,"og_video":null,"og_custom_url":null,"og_article_section":null,"og_article_tags":null,"twitter_use_og":false,"twitter_card":"default","twitter_image_type":"default","twitter_image_custom_url":null,"twitter_image_custom_fields":null,"twitter_image_url":null,"twitter_title":null,"twitter_description":null,"schema_type":"default","schema_type_options":null,"schema":{"blockGraphs":[],"customGraphs":[],"default":{"data":{"Article":[],"Course":[],"Dataset":[],"FAQPage":[],"Movie":[],"Person":[],"Product":[],"ProductReview":[],"Car":[],"Recipe":[],"Service":[],"SoftwareApplication":[],"WebPage":[]},"graphName":"","isEnabled":true},"graphs":[]},"pillar_content":false,"robots_default":true,"robots_noindex":false,"robots_noarchive":false,"robots_nosnippet":false,"robots_nofollow":false,"robots_noimageindex":false,"robots_noodp":false,"robots_notranslate":false,"robots_max_snippet":null,"robots_max_videopreview":null,"robots_max_imagepreview":"large","priority":null,"frequency":null,"local_seo":null,"limit_modified_date":false,"ai":null,"breadcrumb_settings":null,"seo_analyzer_scan_date":null,"created":"2026-08-24 23:51:52","updated":"2026-08-29 14:42:10"},"aioseo_breadcrumb":"<div class=\"aioseo-breadcrumbs\"><span class=\"aioseo-breadcrumb\">\n\t\t\t<a href=\"https:\/\/cmvsh.fr\/Essaiswordpress\" title=\"Home\">Home<\/a>\n\t\t<\/span><span class=\"aioseo-breadcrumb-separator\">&raquo;<\/span><span class=\"aioseo-breadcrumb\">\n\t\t\t<a href=\"https:\/\/cmvsh.fr\/Essaiswordpress\/mots-clefs\/media\/\" title=\"M\u00e9dia\">M\u00e9dia<\/a>\n\t\t<\/span><span class=\"aioseo-breadcrumb-separator\">&raquo;<\/span><span class=\"aioseo-breadcrumb\">\n\t\t\t<a href=\"https:\/\/cmvsh.fr\/Essaiswordpress\/mots-clefs\/media\/videos\/\" title=\"Vid\u00e9os\">Vid\u00e9os<\/a>\n\t\t<\/span><span class=\"aioseo-breadcrumb-separator\">&raquo;<\/span><span class=\"aioseo-breadcrumb\">\n\t\t\tMoulin en f\u00eate 15 juin 2025\n\t\t<\/span><\/div>","aioseo_breadcrumb_json":[{"label":"Home","link":"https:\/\/cmvsh.fr\/Essaiswordpress"},{"label":"M\u00e9dia","link":"https:\/\/cmvsh.fr\/Essaiswordpress\/mots-clefs\/media\/"},{"label":"Vid\u00e9os","link":"https:\/\/cmvsh.fr\/Essaiswordpress\/mots-clefs\/media\/videos\/"},{"label":"Moulin en f\u00eate 15 juin 2025","link":"https:\/\/cmvsh.fr\/Essaiswordpress\/moulin-en-fete-15-juin-2025\/"}],"views":901,"jetpack_sharing_enabled":true,"jetpack_featured_media_url":"https:\/\/cmvsh.fr\/Essaiswordpress\/wp-content\/uploads\/2025\/06\/C0011T01-Fete-au-Moulin-e1751018757222.jpg","_links":{"self":[{"href":"https:\/\/cmvsh.fr\/Essaiswordpress\/wp-json\/wp\/v2\/posts\/8713","targetHints":{"allow":["GET"]}}],"collection":[{"href":"https:\/\/cmvsh.fr\/Essaiswordpress\/wp-json\/wp\/v2\/posts"}],"about":[{"href":"https:\/\/cmvsh.fr\/Essaiswordpress\/wp-json\/wp\/v2\/types\/post"}],"author":[{"embeddable":true,"href":"https:\/\/cmvsh.fr\/Essaiswordpress\/wp-json\/wp\/v2\/users\/1"}],"replies":[{"embeddable":true,"href":"https:\/\/cmvsh.fr\/Essaiswordpress\/wp-json\/wp\/v2\/comments?post=8713"}],"version-history":[{"count":2,"href":"https:\/\/cmvsh.fr\/Essaiswordpress\/wp-json\/wp\/v2\/posts\/8713\/revisions"}],"predecessor-version":[{"id":8716,"href":"https:\/\/cmvsh.fr\/Essaiswordpress\/wp-json\/wp\/v2\/posts\/8713\/revisions\/8716"}],"wp:featuredmedia":[{"embeddable":true,"href":"https:\/\/cmvsh.fr\/Essaiswordpress\/wp-json\/wp\/v2\/media\/8715"}],"wp:attachment":[{"href":"https:\/\/cmvsh.fr\/Essaiswordpress\/wp-json\/wp\/v2\/media?parent=8713"}],"wp:term":[{"taxonomy":"category","embeddable":true,"href":"https:\/\/cmvsh.fr\/Essaiswordpress\/wp-json\/wp\/v2\/categories?post=8713"},{"taxonomy":"post_tag","embeddable":true,"href":"https:\/\/cmvsh.fr\/Essaiswordpress\/wp-json\/wp\/v2\/tags?post=8713"}],"curies":[{"name":"wp","href":"https:\/\/api.w.org\/{rel}","templated":true}]}}