{"id":6183,"date":"2021-12-20T09:04:09","date_gmt":"2021-12-20T08:04:09","guid":{"rendered":"http:\/\/cmvsh.fr\/Essaiswordpress\/?p=6183"},"modified":"2021-12-20T13:10:14","modified_gmt":"2021-12-20T12:10:14","slug":"concert-de-noel-2021","status":"publish","type":"post","link":"https:\/\/cmvsh.fr\/Essaiswordpress\/concert-de-noel-2021\/","title":{"rendered":"Concert de No\u00ebl 2021"},"content":{"rendered":"\n<p class=\"has-medium-font-size\"><strong>Cormicy Ma Ville Son Histoire <\/strong><\/p>\n\n\n\n<p>a pr\u00e9sent\u00e9 pour la 1ere fois un concert, le 18 d\u00e9cembre 2021, \u00e0 l&rsquo;approche de No\u00ebl, dans l&rsquo;\u00c9glise de notre village.<\/p>\n\n\n\n<!--more-->\n\n\n\n<figure class=\"wp-block-image size-large\"><img fetchpriority=\"high\" decoding=\"async\" width=\"690\" height=\"305\" src=\"https:\/\/cmvsh.fr\/Essaiswordpress\/wp-content\/uploads\/2021\/12\/C0046-Fables-Lafontaine50-1-690x305.jpg\" alt=\"\" class=\"wp-image-6186\" srcset=\"https:\/\/cmvsh.fr\/Essaiswordpress\/wp-content\/uploads\/2021\/12\/C0046-Fables-Lafontaine50-1-690x305.jpg 690w, https:\/\/cmvsh.fr\/Essaiswordpress\/wp-content\/uploads\/2021\/12\/C0046-Fables-Lafontaine50-1-300x133.jpg 300w, https:\/\/cmvsh.fr\/Essaiswordpress\/wp-content\/uploads\/2021\/12\/C0046-Fables-Lafontaine50-1-768x340.jpg 768w, https:\/\/cmvsh.fr\/Essaiswordpress\/wp-content\/uploads\/2021\/12\/C0046-Fables-Lafontaine50-1-1536x680.jpg 1536w, https:\/\/cmvsh.fr\/Essaiswordpress\/wp-content\/uploads\/2021\/12\/C0046-Fables-Lafontaine50-1.jpg 1754w\" sizes=\"(max-width: 690px) 100vw, 690px\" \/><\/figure>\n\n\n\n<p>avec :<\/p>\n\n\n\n<p class=\"has-text-align-center has-black-color has-cyan-bluish-gray-background-color has-text-color has-background has-medium-font-size\">\u00ab\u00a0<strong>Foule Sentimentale<\/strong>\u00ab\u00a0<\/p>\n\n\n\n<div class=\"wp-block-image\"><figure class=\"alignleft size-large is-resized\"><img decoding=\"async\" src=\"https:\/\/cmvsh.fr\/Essaiswordpress\/wp-content\/uploads\/2021\/12\/Gacalves-534x460.jpg\" alt=\"\" class=\"wp-image-6191\" width=\"95\" height=\"82\" srcset=\"https:\/\/cmvsh.fr\/Essaiswordpress\/wp-content\/uploads\/2021\/12\/Gacalves-534x460.jpg 534w, https:\/\/cmvsh.fr\/Essaiswordpress\/wp-content\/uploads\/2021\/12\/Gacalves-300x258.jpg 300w, https:\/\/cmvsh.fr\/Essaiswordpress\/wp-content\/uploads\/2021\/12\/Gacalves.jpg 683w\" sizes=\"(max-width: 95px) 100vw, 95px\" \/><\/figure><\/div>\n\n\n\n<p>\u00ab\u00a0<em>Nous sommes plusieurs chorales<\/em><strong>\u00a0\u00bb , <\/strong>nous dit Mr<strong> Guy Cascal\u00e8s, \u00ab\u00a0<\/strong><em>de Vaily-sur- Aisne, de Levallois-Perret ( il y a des parisiens aujourd\u2019hui )&#8230; on a fait un travail sur les fables et vous avez vu qu\u2019on a fait des efforts sur les costumes\u00a0\u00bb<\/em>. Cet ensemble a \u00e9t\u00e9 labellis\u00e9 sur le projet du 400 i\u00e8me anniversaire de la naissance de Jean de LA FONTAINE \u00e0 Ch\u00e2teau-Thierry<\/p>\n\n\n\n<div class=\"wp-block-group\"><div class=\"wp-block-group__inner-container is-layout-flow wp-block-group-is-layout-flow\">\n<p>Par ce biais ils nous ont fait \u00e9couter certaines fables de La Fontaine d&rsquo;une mani\u00e8re ludique et en chanson. C&rsquo;est ainsi que nos oreilles on \u00e9t\u00e9 enchant\u00e9es d&rsquo;\u00e9couter :<\/p>\n<\/div><\/div>\n\n\n\n<p style=\"font-size:11px\">Le loup est l\u2019agneau( Musique Lou Reed : Walk on the Wild Side )<\/p>\n\n\n\n<p style=\"font-size:11px\">La cigale et la fourmi.( La tendresse &#8211; Hubert Giroud )<\/p>\n\n\n\n<p style=\"font-size:11px\">Le p\u00eacheur et le petit poisson.( Boris et Natacha &#8211; Jean Naty Boyer )<\/p>\n\n\n\n<p style=\"font-size:11px\">Le corbeau et le renard.( La chanson de Pr\u00e9vert &#8211; Serge Gainsbourg )<\/p>\n\n\n\n<p style=\"font-size:11px\">Le laboureur et ses enfants<\/p>\n\n\n\n<p style=\"font-size:11px\">La colombe et la fourmi( Chansons de Marie Lafor\u00eat \u00ab\u00a0viens viens\u00a0\u00bb )<\/p>\n\n\n\n<p style=\"font-size:11px\">La montagne qui accouche( Musique tri Martelod, trad breton, trafficateur )<\/p>\n\n\n\n<p style=\"font-size:11px\">L\u2019amour et la folie ( Bizet Carmen )<\/p>\n\n\n\n<p style=\"font-size:11px\">La grenouille aussi grosse que le b\u0153uf.<\/p>\n\n\n\n<p>Voici quelques prises de vue de ce concert original. <\/p>\n\n\n\n<p class=\"videobox\">\n<!--la balise source \u00e0 l'int\u00e9rieur de la balise video\u206a\u206a\u206a propose diff\u00e9rents formats. Le navigateur prendra celui qu'il reconna\u00eet -->\n<video controls=\"controls\" width=\"500\" height=\"500\">\n<source src=\"http:\/\/cmvsh.fr\/video\/2021_12_18_Concert_de Noel_Court_Wide480pWeb4mn48.mp4\">\n<source src=\"http:\/\/cmvsh.fr\/video\/2021_12_18_Concert_de Noel_Court_Wide480pWeb4mn48.webm\">\n<source src=\"http:\/\/cmvsh.fr\/video\/2021_12_18_Concert_de Noel_Court_Wide480pWeb4mn48.ogv\">\nIl est temps de mettre \u00e0 jour votre navigateur !\n<\/video>\n<\/p>\n","protected":false},"excerpt":{"rendered":"<div class=\"slide-text-bg2\"><span>Cormicy Ma Ville Son Histoire a pr\u00e9sent\u00e9 pour la 1ere fois un concert, le 18 d\u00e9cembre 2021, \u00e0 l&rsquo;approche de No\u00ebl, dans l&rsquo;\u00c9glise de notre <\/span><\/div>\n<div class=\"slide-btn-area-sm\"><a href=\"https:\/\/cmvsh.fr\/Essaiswordpress\/concert-de-noel-2021\/\" class=\"slide-btn-sm\">Lire la suite<\/a><\/div>\n","protected":false},"author":1,"featured_media":6196,"comment_status":"open","ping_status":"closed","sticky":false,"template":"","format":"standard","meta":{"footnotes":""},"categories":[27,30],"tags":[],"class_list":["post-6183","post","type-post","status-publish","format-standard","has-post-thumbnail","hentry","category-concerts","category-videos"],"_links":{"self":[{"href":"https:\/\/cmvsh.fr\/Essaiswordpress\/wp-json\/wp\/v2\/posts\/6183","targetHints":{"allow":["GET"]}}],"collection":[{"href":"https:\/\/cmvsh.fr\/Essaiswordpress\/wp-json\/wp\/v2\/posts"}],"about":[{"href":"https:\/\/cmvsh.fr\/Essaiswordpress\/wp-json\/wp\/v2\/types\/post"}],"author":[{"embeddable":true,"href":"https:\/\/cmvsh.fr\/Essaiswordpress\/wp-json\/wp\/v2\/users\/1"}],"replies":[{"embeddable":true,"href":"https:\/\/cmvsh.fr\/Essaiswordpress\/wp-json\/wp\/v2\/comments?post=6183"}],"version-history":[{"count":13,"href":"https:\/\/cmvsh.fr\/Essaiswordpress\/wp-json\/wp\/v2\/posts\/6183\/revisions"}],"predecessor-version":[{"id":6205,"href":"https:\/\/cmvsh.fr\/Essaiswordpress\/wp-json\/wp\/v2\/posts\/6183\/revisions\/6205"}],"wp:featuredmedia":[{"embeddable":true,"href":"https:\/\/cmvsh.fr\/Essaiswordpress\/wp-json\/wp\/v2\/media\/6196"}],"wp:attachment":[{"href":"https:\/\/cmvsh.fr\/Essaiswordpress\/wp-json\/wp\/v2\/media?parent=6183"}],"wp:term":[{"taxonomy":"category","embeddable":true,"href":"https:\/\/cmvsh.fr\/Essaiswordpress\/wp-json\/wp\/v2\/categories?post=6183"},{"taxonomy":"post_tag","embeddable":true,"href":"https:\/\/cmvsh.fr\/Essaiswordpress\/wp-json\/wp\/v2\/tags?post=6183"}],"curies":[{"name":"wp","href":"https:\/\/api.w.org\/{rel}","templated":true}]}}