{"id":1870,"date":"2018-11-15T19:39:19","date_gmt":"2018-11-15T18:39:19","guid":{"rendered":"http:\/\/cmvsh.fr\/Essaiswordpress\/?p=1870"},"modified":"2018-11-27T19:24:14","modified_gmt":"2018-11-27T18:24:14","slug":"le-prince-est-revenue","status":"publish","type":"post","link":"https:\/\/cmvsh.fr\/Essaiswordpress\/le-prince-est-revenue\/","title":{"rendered":"Le Prince est revenu"},"content":{"rendered":"<p><strong>Il est revenu !<\/strong><\/p>\n<p>Un invit\u00e9 de marque, le Prince Albert de Monaco, est revenu le 13 octobre 2018 \u00e0 l&rsquo;occasion de la 14e \u00e9dition de la f\u00eate des vendanges du Massif de Saint Thierry.<br \/>\n<!--more--><\/p>\n<div id=\"attachment_1878\" style=\"width: 234px\" class=\"wp-caption alignleft\"><img decoding=\"async\" aria-describedby=\"caption-attachment-1878\" class=\" wp-image-1878\" src=\"https:\/\/cmvsh.fr\/Essaiswordpress\/wp-content\/uploads\/2018\/11\/Prince-de-monacoGdPere-300x209.jpg\" alt=\"\" width=\"224\" height=\"156\" srcset=\"https:\/\/cmvsh.fr\/Essaiswordpress\/wp-content\/uploads\/2018\/11\/Prince-de-monacoGdPere-300x209.jpg 300w, https:\/\/cmvsh.fr\/Essaiswordpress\/wp-content\/uploads\/2018\/11\/Prince-de-monacoGdPere-768x534.jpg 768w, https:\/\/cmvsh.fr\/Essaiswordpress\/wp-content\/uploads\/2018\/11\/Prince-de-monacoGdPere-661x460.jpg 661w, https:\/\/cmvsh.fr\/Essaiswordpress\/wp-content\/uploads\/2018\/11\/Prince-de-monacoGdPere.jpg 785w\" sizes=\"(max-width: 224px) 100vw, 224px\" \/><p id=\"caption-attachment-1878\" class=\"wp-caption-text\">\u00e0 droite abris d&rsquo;artilleur; c\u00f4te 186<\/p><\/div>\n<p>Il est probablement attach\u00e9 \u00e0 ce territoire dans la mesure o\u00f9 son arri\u00e8re grand-p\u00e8re,\u00a0Louis 2 de Monaco,\u00a0 est pass\u00e9 ici au cours de la premi\u00e8re guerre mondiale.<\/p>\n<p>Il \u00e9tait d&rsquo;ailleurs d\u00e9j\u00e0 venu encore ici en Juillet 2017 pour l&rsquo;inauguration d&rsquo;un observatoire militaire ainsi qu&rsquo;\u00e0 Jonchery-sur-Vesle en avril 2017.<\/p>\n<p>Il a\u00a0 inaugur\u00e9 la f\u00eate, puis s&rsquo;est d\u00e9plac\u00e9 dans les vignes o\u00f9 une vendange traditionnelle a \u00e9t\u00e9 faite.<\/p>\n<p>Le Prince Albert de Monaco a lui-m\u00eame r\u00e9colt\u00e9 les premi\u00e8res grappes de raisins qui ont ont \u00e9t\u00e9 press\u00e9es, \u00e0 l&rsquo;ancienne, au centre du village.<\/p>\n<p>Beaucoup d&rsquo;habitants \u00e9taient habill\u00e9s de mani\u00e8re traditionnelle.<\/p>\n<p>Vous pouvez visionner le r\u00e9capitulatif de cette journ\u00e9e en cliquant\u00a0 ci-dessous:<br \/>\n<!------------------------------------------------------><\/p>\n<p>C&rsquo;est avec plaisir que nous vous donnons un aper\u00e7u vid\u00e9o de cette manifestation.<\/p>\n<div class=\"videobox\"><!--la balise source \u00e0 l'int\u00e9rieur de la balise video\u206a\u206a\u206a propose diff\u00e9rents formats. Le navigateur prendra celui qu'il reconna\u00eet --><br \/>\n<video controls=\"controls\" width=\"400\" height=\"400\"><source src=\"http:\/\/cmvsh.fr\/video\/2018_10_13_Venue_du_Prince_5mn43_640x640.mp4\" \/><source src=\"http:\/\/cmvsh.fr\/video\/2018_10_13_Venue_du_Prince_5mn43_640x640.webm\" \/><source src=\"http:\/\/cmvsh.fr\/video\/2018_10_13_Venue_du_Prince_5mn43_640x640.ogv\" \/>Il est temps de mettre \u00e0 jour votre navigateur !<\/video><\/p>\n<div class=\"minuscule\">Copyright \u00a9 2018 SLM Production &#8211; Tous droits r\u00e9serv\u00e9s &#8211; Pour toute copie de texte(s), de photos ou croquis, ou utilisation, demander l&rsquo;autorisation \u00e0 CMVSH.<\/div>\n<\/div>\n<p><!------------------------------------------------------><\/p>\n","protected":false},"excerpt":{"rendered":"<div class=\"slide-text-bg2\"><span>Il est revenu ! Un invit\u00e9 de marque, le Prince Albert de Monaco, est revenu le 13 octobre 2018 \u00e0 l&rsquo;occasion de la 14e \u00e9dition de la f\u00eate des vend<\/span><\/div>\n<div class=\"slide-btn-area-sm\"><a href=\"https:\/\/cmvsh.fr\/Essaiswordpress\/le-prince-est-revenue\/\" class=\"slide-btn-sm\">Lire la suite<\/a><\/div>\n","protected":false},"author":1,"featured_media":0,"comment_status":"open","ping_status":"closed","sticky":false,"template":"","format":"standard","meta":{"footnotes":""},"categories":[1,30],"tags":[16],"class_list":["post-1870","post","type-post","status-publish","format-standard","hentry","category-evenements","category-videos","tag-cormicy"],"_links":{"self":[{"href":"https:\/\/cmvsh.fr\/Essaiswordpress\/wp-json\/wp\/v2\/posts\/1870","targetHints":{"allow":["GET"]}}],"collection":[{"href":"https:\/\/cmvsh.fr\/Essaiswordpress\/wp-json\/wp\/v2\/posts"}],"about":[{"href":"https:\/\/cmvsh.fr\/Essaiswordpress\/wp-json\/wp\/v2\/types\/post"}],"author":[{"embeddable":true,"href":"https:\/\/cmvsh.fr\/Essaiswordpress\/wp-json\/wp\/v2\/users\/1"}],"replies":[{"embeddable":true,"href":"https:\/\/cmvsh.fr\/Essaiswordpress\/wp-json\/wp\/v2\/comments?post=1870"}],"version-history":[{"count":8,"href":"https:\/\/cmvsh.fr\/Essaiswordpress\/wp-json\/wp\/v2\/posts\/1870\/revisions"}],"predecessor-version":[{"id":1944,"href":"https:\/\/cmvsh.fr\/Essaiswordpress\/wp-json\/wp\/v2\/posts\/1870\/revisions\/1944"}],"wp:attachment":[{"href":"https:\/\/cmvsh.fr\/Essaiswordpress\/wp-json\/wp\/v2\/media?parent=1870"}],"wp:term":[{"taxonomy":"category","embeddable":true,"href":"https:\/\/cmvsh.fr\/Essaiswordpress\/wp-json\/wp\/v2\/categories?post=1870"},{"taxonomy":"post_tag","embeddable":true,"href":"https:\/\/cmvsh.fr\/Essaiswordpress\/wp-json\/wp\/v2\/tags?post=1870"}],"curies":[{"name":"wp","href":"https:\/\/api.w.org\/{rel}","templated":true}]}}