{"id":1423,"date":"2012-11-09T18:46:33","date_gmt":"2012-11-09T17:46:33","guid":{"rendered":"http:\/\/cmvsh.fr\/Essaiswordpress\/?p=1423"},"modified":"2017-11-10T18:49:36","modified_gmt":"2017-11-10T17:49:36","slug":"conference-sur-sapigneul","status":"publish","type":"post","link":"https:\/\/cmvsh.fr\/Essaiswordpress\/conference-sur-sapigneul\/","title":{"rendered":"Conf\u00e9rence sur Sapigneul"},"content":{"rendered":"<h3>\u00a0Le 9 novembre 2012<\/h3>\n<p>&nbsp;<\/p>\n<p><a> <img decoding=\"async\" class=\"iEnTeteArticle alignleft\" src=\"http:\/\/cmvsh.fr\/photos\/2012_1117ConferenceSapigneul.jpg\" alt=\"iEnTeteArticle\" width=\"256\" height=\"192\" \/> <\/a> Cette ann\u00e9e CORMICY MA VILLE SON HISTOIRE, association du patrimoine avait choisi de parler du hameau de SAPIGNEUL attenant \u00e0 CORMICY.<!--more--><br \/>\nCe f\u00fbt un village qui a \u00e9t\u00e9 compl\u00e8tement d\u00e9truit au cours de la guerre 14-18.<br \/>\nCette r\u00e9union a interress\u00e9 beaucoup d&rsquo;amis et sympathisants puisque la salle \u00e9tait comble comme peut en t\u00e9moigner la photo ci-contre.<\/p>\n<p>Trois conf\u00e9renciers se sont succ\u00e9d\u00e9s \u00e0 cette occasion:<br \/>\n<img decoding=\"async\" src=\"http:\/\/cmvsh.fr\/images\/puce_rouge.gif\" alt=\"\" \/> En premier le professeur J.P. Bourreux pour raconter l&rsquo;histoire de ce hameau, de son origine jusqu&rsquo;au Moyen-\u00c2ge<br \/>\n<img decoding=\"async\" src=\"http:\/\/cmvsh.fr\/images\/puce_rouge.gif\" alt=\"\" \/> Puis ce fut le tour de David Hugot qui nous fit revivre les si\u00e8cles suivants, jusqu&rsquo;\u00e0 la veille de la \u00ab\u00a0grande guerre\u00a0\u00bb.<br \/>\n<img decoding=\"async\" src=\"http:\/\/cmvsh.fr\/images\/puce_rouge.gif\" alt=\"\" \/> Enfin Robert Cl\u00e9ment nous d\u00e9crit les faits de guerre et la vie de nos soldats sur notre territoire, jusqu&rsquo;\u00e0 la disparition de notre hameau.<\/p>\n<p>Des cartes et plusieurs photos ont illustr\u00e9 leurs propos et enthousiasm\u00e9 150 auditeurs environ.<\/p>\n<p>La d\u00e9marche de l&rsquo;Association, \u00e0 faire connaitre ces villages et hameaux oubli\u00e9s, avait permis de mettre en place l&rsquo;exposition \u00ab\u00a0TRACES ET FRAGMENTS sur les villages d\u00e9truits de la marne\u00a0\u00bb;<br \/>\nCette exposition qui eu lieu dans la salle de la maison des jeunes \u00e0 Cormicy, dura une semaine pendant laquelle les \u00e9coles ont pu en profiter.<br \/>\nNous avons pu la retrouver le 17 novembre 2012 \u00e0 l&rsquo;occasion de <a class=\"lien\" href=\"http:\/\/cmvsh.fr\/InaugurationMC_2012_11_17.php\">l&rsquo;inauguration de l&rsquo;acc\u00e8s \u00e0 la cavit\u00e9 souterraine dite : \u00ab\u00a0MALOT-CHAUVAUX\u00a0\u00bb<\/a>.<\/p>\n<p class=\"minuscule\">F.L. Menci\u00e8re 11\/2012<\/p>\n","protected":false},"excerpt":{"rendered":"<div class=\"slide-text-bg2\"><span>\u00a0Le 9 novembre 2012 &nbsp; Cette ann\u00e9e CORMICY MA VILLE SON HISTOIRE, association du patrimoine avait choisi de parler du hameau de SAPIGNEUL attenant \u00e0<\/span><\/div>\n<div class=\"slide-btn-area-sm\"><a href=\"https:\/\/cmvsh.fr\/Essaiswordpress\/conference-sur-sapigneul\/\" class=\"slide-btn-sm\">Lire la suite<\/a><\/div>\n","protected":false},"author":1,"featured_media":0,"comment_status":"open","ping_status":"open","sticky":false,"template":"","format":"standard","meta":{"footnotes":""},"categories":[28],"tags":[],"class_list":["post-1423","post","type-post","status-publish","format-standard","hentry","category-conferences"],"_links":{"self":[{"href":"https:\/\/cmvsh.fr\/Essaiswordpress\/wp-json\/wp\/v2\/posts\/1423","targetHints":{"allow":["GET"]}}],"collection":[{"href":"https:\/\/cmvsh.fr\/Essaiswordpress\/wp-json\/wp\/v2\/posts"}],"about":[{"href":"https:\/\/cmvsh.fr\/Essaiswordpress\/wp-json\/wp\/v2\/types\/post"}],"author":[{"embeddable":true,"href":"https:\/\/cmvsh.fr\/Essaiswordpress\/wp-json\/wp\/v2\/users\/1"}],"replies":[{"embeddable":true,"href":"https:\/\/cmvsh.fr\/Essaiswordpress\/wp-json\/wp\/v2\/comments?post=1423"}],"version-history":[{"count":3,"href":"https:\/\/cmvsh.fr\/Essaiswordpress\/wp-json\/wp\/v2\/posts\/1423\/revisions"}],"predecessor-version":[{"id":1425,"href":"https:\/\/cmvsh.fr\/Essaiswordpress\/wp-json\/wp\/v2\/posts\/1423\/revisions\/1425"}],"wp:attachment":[{"href":"https:\/\/cmvsh.fr\/Essaiswordpress\/wp-json\/wp\/v2\/media?parent=1423"}],"wp:term":[{"taxonomy":"category","embeddable":true,"href":"https:\/\/cmvsh.fr\/Essaiswordpress\/wp-json\/wp\/v2\/categories?post=1423"},{"taxonomy":"post_tag","embeddable":true,"href":"https:\/\/cmvsh.fr\/Essaiswordpress\/wp-json\/wp\/v2\/tags?post=1423"}],"curies":[{"name":"wp","href":"https:\/\/api.w.org\/{rel}","templated":true}]}}